{"id":69,"__str__":"Indica\u00e7\u00e3o n\u00ba 30 de 2013","link_detail_backend":"/materia/69","metadata":{},"numero":30,"ano":2013,"numero_protocolo":58,"data_apresentacao":"2013-03-04","tipo_apresentacao":"E","data_publicacao":null,"numero_origem_externa":"","ano_origem_externa":null,"data_origem_externa":null,"apelido":"","dias_prazo":null,"data_fim_prazo":null,"em_tramitacao":true,"polemica":null,"objeto":"","complementar":null,"ementa":"INSER\u00c7\u00c3O NO &#8220;CALEND\u00c1RIO ESCOLAR 2013&#8221; DE UM DIA EM CADA REGI\u00c3O RURAL E URBANA PARA REALIZA\u00c7\u00c3O DE EXAMES &#8220;OFTALMOL\u00d3GICOS&#8220; AL\u00c9M DE PALESTRAS EDUCATIVAS SOBRE SA\u00daDE BUCAL .","indexacao":"","observacao":"","resultado":"","texto_original":"http://sapl.itaberaba.ba.leg.br/media/sapl/public/materialegislativa/2013/69/69_texto_integral.pdf","data_ultima_atualizacao":"2018-09-29T11:13:04.727026-03:00","ip":"","ultima_edicao":null,"tipo":8,"regime_tramitacao":1,"tipo_origem_externa":null,"local_origem_externa":null,"user":null,"anexadas":[],"autores":[17]}