{"id":5493,"__str__":"Indica\u00e7\u00e3o n\u00ba 293 de 2023","link_detail_backend":"/materia/5493","metadata":{},"numero":293,"ano":2023,"numero_protocolo":null,"data_apresentacao":"2023-09-19","tipo_apresentacao":"E","data_publicacao":null,"numero_origem_externa":"","ano_origem_externa":null,"data_origem_externa":null,"apelido":"","dias_prazo":null,"data_fim_prazo":null,"em_tramitacao":true,"polemica":false,"objeto":"","complementar":false,"ementa":"DISPONIBILIZAR UMA VAN OU UM CARRO DE PEQUENO PORTE PARA SERVIR DE APOIO TENDO EM VISTA AS RECEP\u00c7\u00d5ES DE PACIENTES QUE UTILIZAM O \u00d4NIBUS DO TFD ( TRATAMENTO FORA DO MUNIC\u00cdPIO) PARA OS RESPECTIVOS DESLOCAMENTOS AOS ESTABELECIMENTOS DE S\u00c1UDE NA CIDADE DE SALVADOR.","indexacao":"","observacao":"","resultado":"","texto_original":"http://sapl.itaberaba.ba.leg.br/media/sapl/public/materialegislativa/2023/5493/proc-no_466-2023_0954.pdf","data_ultima_atualizacao":"2023-10-17T10:49:02.039916-03:00","ip":"200.39.159.40","ultima_edicao":"2023-10-17T10:40:09.478490-03:00","tipo":8,"regime_tramitacao":1,"tipo_origem_externa":null,"local_origem_externa":null,"user":28,"anexadas":[],"autores":[17]}