{"id":5313,"__str__":"Mo\u00e7\u00e3o n\u00ba 23 de 2023","link_detail_backend":"/materia/5313","metadata":{},"numero":23,"ano":2023,"numero_protocolo":null,"data_apresentacao":"2023-05-16","tipo_apresentacao":"E","data_publicacao":null,"numero_origem_externa":"","ano_origem_externa":null,"data_origem_externa":null,"apelido":"","dias_prazo":null,"data_fim_prazo":null,"em_tramitacao":true,"polemica":false,"objeto":"","complementar":false,"ementa":"MO\u00c7\u00c3O DE CONGRATULA\u00c7\u00c3O, EXPRESSANDO A SUA HOMENAGEM E RECONHECIMENTO A TODOS OS GARIS DO NOSSO MUNIC\u00cdPIO, PELA PASSAGEM DO SEU DIA, CELEBRADO HOJE, 16 DE MAIO.","indexacao":"","observacao":"","resultado":"","texto_original":"http://sapl.itaberaba.ba.leg.br/media/sapl/public/materialegislativa/2023/5313/proc-no_294-2023_0353.pdf","data_ultima_atualizacao":"2023-05-18T10:41:57.475721-03:00","ip":"200.39.159.92","ultima_edicao":"2023-05-18T10:36:54.835265-03:00","tipo":7,"regime_tramitacao":1,"tipo_origem_externa":null,"local_origem_externa":null,"user":28,"anexadas":[],"autores":[38]}