{"id":4868,"__str__":"Mo\u00e7\u00e3o n\u00ba 37 de 2022","link_detail_backend":"/materia/4868","metadata":{},"numero":37,"ano":2022,"numero_protocolo":null,"data_apresentacao":"2022-08-09","tipo_apresentacao":"E","data_publicacao":null,"numero_origem_externa":"","ano_origem_externa":null,"data_origem_externa":null,"apelido":"","dias_prazo":null,"data_fim_prazo":null,"em_tramitacao":true,"polemica":false,"objeto":"","complementar":false,"ementa":"MO\u00c7\u00c3O DE CONGRATULA\u00c7\u00c3O A TODOS OS ORGANIZADORES DA 19\u00ba FESTA DE VAQUEIRO DA REGI\u00c3O DE GUARIBAS, EVENTO OCORRIDO NOS DIAS 06 E 07 DE AGOSTO DO CORRENTE ANO, EM ESPECIAL AOS SENHORES LAU DE MINININHO E TOINHO, RESPECTIVAMENTE, PRESIDENTE E VICE-PRESIDENTE DO GRUPO DE VAQUEIROS DE GUARIBAS E \u00c0 SECRETARIA MUNICIPAL DE AGRICULTURA, MEIO AMBIENTE, IND\u00daSTRIA E COM\u00c9RCIO.","indexacao":"","observacao":"","resultado":"","texto_original":"http://sapl.itaberaba.ba.leg.br/media/sapl/public/materialegislativa/2022/4868/proc_-_no_414-_2022_2161.pdf","data_ultima_atualizacao":"2022-08-10T14:57:16.000126-03:00","ip":"170.246.15.89","ultima_edicao":"2022-08-10T14:47:44.627796-03:00","tipo":7,"regime_tramitacao":1,"tipo_origem_externa":null,"local_origem_externa":null,"user":28,"anexadas":[],"autores":[33]}