{"id":4571,"__str__":"Requerimento n\u00ba 1 de 2022","link_detail_backend":"/materia/4571","metadata":{},"numero":1,"ano":2022,"numero_protocolo":null,"data_apresentacao":"2022-03-29","tipo_apresentacao":"","data_publicacao":null,"numero_origem_externa":"","ano_origem_externa":null,"data_origem_externa":null,"apelido":"","dias_prazo":null,"data_fim_prazo":null,"em_tramitacao":true,"polemica":false,"objeto":"","complementar":false,"ementa":"QUE NO SEGUNDO PER\u00cdODO LEGISLATIVO DESTE ANO, A INICIAR-SE EM JULHO, OS DIAS DE REALIZA\u00c7\u00c3O DAS SESS\u00d5ES PLEN\u00c1RIAS SEJAM FIXADOS PARA AS SEGUNDAS E TER\u00c7AS-FEIRAS, \u00c0 NOITE.","indexacao":"","observacao":"","resultado":"","texto_original":"http://sapl.itaberaba.ba.leg.br/media/sapl/public/materialegislativa/2022/4571/proc_-_no_144-2022_1397.pdf","data_ultima_atualizacao":"2022-03-31T09:14:04.403440-03:00","ip":"170.246.15.180","ultima_edicao":"2022-03-31T09:08:54.074188-03:00","tipo":3,"regime_tramitacao":1,"tipo_origem_externa":null,"local_origem_externa":null,"user":28,"anexadas":[],"autores":[7]}